{"id":212514,"date":"2018-01-25T11:29:29","date_gmt":"2018-01-25T10:29:29","guid":{"rendered":"https:\/\/nenasilje.org\/?p=212514"},"modified":"2018-01-26T14:40:12","modified_gmt":"2018-01-26T13:40:12","slug":"20th-annual-report","status":"publish","type":"post","link":"https:\/\/nenasilje.org\/en\/20th-annual-report\/","title":{"rendered":"20th Annual Report"},"content":{"rendered":"<p style=\"text-align: left;\"><a href=\"http:\/\/nenasilje.org\/reports\/pdf\/CNA-AnnualReport2017.pdf\" target=\"_blank\" rel=\"noopener\"><img loading=\"lazy\" decoding=\"async\" class=\"alignleft wp-image-212506 size-medium\" src=\"https:\/\/nenasilje.org\/wp-content\/uploads\/\/korice2017_zaweb_final-224x266.jpg\" alt=\"\" width=\"224\" height=\"266\" srcset=\"https:\/\/nenasilje.org\/wp-content\/uploads\/korice2017_zaweb_final-224x266.jpg 224w, https:\/\/nenasilje.org\/wp-content\/uploads\/korice2017_zaweb_final-100x119.jpg 100w, https:\/\/nenasilje.org\/wp-content\/uploads\/korice2017_zaweb_final-768x912.jpg 768w, https:\/\/nenasilje.org\/wp-content\/uploads\/korice2017_zaweb_final-561x666.jpg 561w, https:\/\/nenasilje.org\/wp-content\/uploads\/korice2017_zaweb_final-520x617.jpg 520w, https:\/\/nenasilje.org\/wp-content\/uploads\/korice2017_zaweb_final.jpg 1685w\" sizes=\"(max-width: 224px) 100vw, 224px\" \/><\/a>You may download the report <a href=\"http:\/\/nenasilje.org\/reports\/pdf\/CNA-AnnualReport2017.pdf\" target=\"_blank\" rel=\"noopener\">here<\/a><\/p>\n<p>Dear friends,<\/p>\n<p>You have before you our twentieth annual report, and behind us is twenty years of work. True to custom, we invited friends from all over the world and the region to our twentieth birthday. Firstly, we talked about \u201cWhere are we after twenty years and where are we rushing to?\u201d and then about some other topics as well, and eventually we celebrated a little, too. Twenty years is a small anniversary for peace in the world, but for us, a peace organization created in Sarajevo in post-war 1997, it is a big one. In this report in the text written by Ned\u017ead Horozovi\u0107, you can read about everything that\u2019s been happening to us in these twenty years and all the things we did.<br \/>\nWhat marked the twentieth year of our work is a series of \u02eeWar of Memories\u02ee exhibitions, held in Sarajevo, Mostar, Banja Luka, Biha\u0107, Beograd, Tuzla and Br\u010dko. And that\u2019s not the end of it. The exibition continues on its path, thanks to our friends and associates who took upon themselves to organize it in their communities, therefore what follows is the exhibition in Skoplje, and we are expecting it will also take place in Kru\u0161evac, Sisak, Novi Pazar, Zagreb&#8230;<br \/>\nWe premiered our film \u201cAlien Home\u201d, which is a result of an idea originated from our Training for Trainers programme, and was done by a group of our associates. We offered the film to many TV stations in BiH for screening, but nothing has been agreed yet. One of the unofficial responses we received was that \u201ethe film cannot be screened because it fails to meet technical standards, it\u2019s not filmed with drones. \u201c That\u2019s a better way of saying what we were being told in confidence, outside at the parking lot, through whispers, in response to our every activity: \u201cNow is not the time,&#8230; You know how it is, it\u2019s politics&#8230;\u201c It never seems to be the right time for dealing with the past. Nonetheless, we want to point out that it is always the right time to talk about it. Even when there\u2019s a loud silence about something (in whatever language), that silence offers space for action.<br \/>\nThat\u2019s exactly what our associates do in \u201cMarking Unmarked Sites of Suffering\u201d. They managed to complete three activities in a year. Purple stickers were left as reminders of inhumane acts which were committed on these sites against people and that those people who suffered deserve to be remembered. At commemorations that took place in Vrivode and Go\u0161i\u0107 (Croatia) and during a visit to Vozu\u0107a battleground (BiH), war veterans of different armies together with us from CNA, indicated that the memories of victims are important, and that it is particularly difficult to talk publicly about victims when local community is silent, but that breaking an unwritten oath of silence brings liberation, which in the end, may lead towards reconciliation.<br \/>\nAt the time when this report is printed, the results of the second multilingual competition for a short story \u201eBiber\u201c, on the topic of reconciliation will have been known. Judging by the number of the stories we received, which is bigger than in the first competition, we know in advance that people from the region had the need and the desire to write about reconciliation, in various ways. We are looking forward in advance to the new collection, which will be printed in the beginning of next year.<br \/>\nWe tried to propose the adoption of the Strategy of Peace Building to Serbia\u2019s state institutions and even held one round of dialogue on the topic. We prepared the document that we would gladly submit to further development, but beside the fact that almost everyone commended the idea, we still haven\u2019t reached an institution willing to back the idea completely and that\u2019s something we are going to continue to work on.<br \/>\nBoro Kitanoski (Macedonia), Ned\u017ead Novali\u0107 (BiH), Nenad Vukosavljevi\u0107 (Serbia), Jelena Svir\u010di\u0107 (Croatia), wrote about the situation in different states of the region for this report. We have two views from Kosovo: from Kosovska Mitrovica, by Maja Fi\u0107ovi\u0107 , a journalist and participant of our Basic Training held in Ohrid in April 2017, and from Pri\u0161tina by translator Qerim Ondozi.<\/p>\n<p>In previous year we also held two basic training events in peace building, the third Mir-Paqe-\u041c\u0438\u0440 training and the third training for students in BiH.<br \/>\nAt the invitation of our associates we travelled to Manipur, to Colombia, participated in Mandela\u2019s Dialogues in Sri Lanka. With the support of our associates in Republic of South Africa, 11 of us peace activist from the region took a study tour and came back full of different impressions, about which you can also read in this report.<br \/>\nAt the times when the word peace is heard less and less everywhere in the world, somewhere behind the war cries, threats, suffering, discrimination and human distress, what we want for all of us, for all the peace activists all over the world is: solidarity, unbreakable faith that we are doing the right thing and the power to persevere, however challenging and difficult that is.<\/p>\n<p>CNA Team<\/p>\n","protected":false},"excerpt":{"rendered":"<p>20th annual report on our activities in the period September 2016 \u2013 September 2017<\/p>\n","protected":false},"author":2,"featured_media":220844,"comment_status":"closed","ping_status":"closed","sticky":false,"template":"","format":"standard","meta":{"footnotes":""},"categories":[81,44,42],"tags":[148,2099,2158],"class_list":["post-212514","post","type-post","status-publish","format-standard","has-post-thumbnail","hentry","category-downloads-en","category-publications","category-reports","tag-dialogue","tag-gosic-en","tag-varivode-en"],"aioseo_notices":[],"_links":{"self":[{"href":"https:\/\/nenasilje.org\/en\/wp-json\/wp\/v2\/posts\/212514","targetHints":{"allow":["GET"]}}],"collection":[{"href":"https:\/\/nenasilje.org\/en\/wp-json\/wp\/v2\/posts"}],"about":[{"href":"https:\/\/nenasilje.org\/en\/wp-json\/wp\/v2\/types\/post"}],"author":[{"embeddable":true,"href":"https:\/\/nenasilje.org\/en\/wp-json\/wp\/v2\/users\/2"}],"replies":[{"embeddable":true,"href":"https:\/\/nenasilje.org\/en\/wp-json\/wp\/v2\/comments?post=212514"}],"version-history":[{"count":0,"href":"https:\/\/nenasilje.org\/en\/wp-json\/wp\/v2\/posts\/212514\/revisions"}],"wp:featuredmedia":[{"embeddable":true,"href":"https:\/\/nenasilje.org\/en\/wp-json\/wp\/v2\/media\/220844"}],"wp:attachment":[{"href":"https:\/\/nenasilje.org\/en\/wp-json\/wp\/v2\/media?parent=212514"}],"wp:term":[{"taxonomy":"category","embeddable":true,"href":"https:\/\/nenasilje.org\/en\/wp-json\/wp\/v2\/categories?post=212514"},{"taxonomy":"post_tag","embeddable":true,"href":"https:\/\/nenasilje.org\/en\/wp-json\/wp\/v2\/tags?post=212514"}],"curies":[{"name":"wp","href":"https:\/\/api.w.org\/{rel}","templated":true}]}}