{"id":224196,"date":"2019-03-27T10:00:36","date_gmt":"2019-03-27T09:00:36","guid":{"rendered":"https:\/\/nenasilje.org\/2019\/on-hatred-violence-and-the-media\/"},"modified":"2019-12-03T12:18:16","modified_gmt":"2019-12-03T11:18:16","slug":"on-hatred-violence-and-the-media","status":"publish","type":"post","link":"https:\/\/nenasilje.org\/en\/on-hatred-violence-and-the-media\/","title":{"rendered":"On Hatred, Violence, and the Media"},"content":{"rendered":"<p>On Friday, 8 March, the Centre for Peacebuilding in Kragujevac organised a round table at the Vuk Karad\u017ei\u0107 National Library on \u201cViolent speech in the media and on social networks \u2013 verbal violence or freedom of expression\u201d.<\/p>\n<p>Participating in the discussion were Marija Obrenovi\u0107 (reporter for the portal <em>Pressek<\/em>), Miroslav Jovanovi\u0107 (reporter and editor of <em>Kragujeva\u010dke novine<\/em>), Miroslav Mileti\u0107 (host of the <em>Iz glave<\/em> talk show) and Katarina Mili\u0107evi\u0107, activist from the Centre for Nonviolent Action Belgrade\/Sarajevo.<\/p>\n<p>Ivana \u0110or\u0111evi\u0107 was the moderator.<\/p>\n<p>First, to introduce the organiser:\u00a0 The founding of the Centre for Peacebuilding in early 2018 was initiated by Gordana Joci\u0107, a reporter and editor at Radio Zlatousti, after she completed basic training in peacebuilding organised by CNA. She wanted to gather motivated fellow citizens and develop an organisation around peacebuilding. It was conceived to act locally, because as a victim of the Second World War, the town of Kragujevac has a responsibility for being active in peacebuilding and promoting peace as the highest value of life. She was joined by a group of Kragujevac citizens, reporters, professors, psychologists, and in the spring of last year also by Ivana \u0110or\u0111evi\u0107, a reporter who attended the Mir-Paqe-Mir training organised by CNA. Since then, without any sources of financing, but with all its members volunteering their time, the organisation has put together a number of activities that have elicited a high level of interest. Just in March this year, in addition to the round table on violent speech, a public discussion was also organised titled \u201cAsk the Children about War\u201d about childhood memories of the NATO bombing of Serbia and Kosovo.<\/p>\n<p><img loading=\"lazy\" decoding=\"async\" class=\"aligncenter wp-image-223965 size-large\" src=\"https:\/\/nenasilje.org\/wp-content\/uploads\/\/Kragujevac_tribina5-888x666.jpg\" alt=\"\" width=\"888\" height=\"666\" srcset=\"https:\/\/nenasilje.org\/wp-content\/uploads\/Kragujevac_tribina5-888x666.jpg 888w, https:\/\/nenasilje.org\/wp-content\/uploads\/Kragujevac_tribina5-100x75.jpg 100w, https:\/\/nenasilje.org\/wp-content\/uploads\/Kragujevac_tribina5-355x266.jpg 355w, https:\/\/nenasilje.org\/wp-content\/uploads\/Kragujevac_tribina5-768x576.jpg 768w, https:\/\/nenasilje.org\/wp-content\/uploads\/Kragujevac_tribina5-510x382.jpg 510w, https:\/\/nenasilje.org\/wp-content\/uploads\/Kragujevac_tribina5-1080x810.jpg 1080w, https:\/\/nenasilje.org\/wp-content\/uploads\/Kragujevac_tribina5.jpg 2040w\" sizes=\"(max-width: 888px) 100vw, 888px\" \/><\/p>\n<p>At the start of the round table on violent speech in public spaces, Miroslav Jovanovi\u0107, editor and reporter for <em>Kragujeva\u010dke novine<\/em>, reminded the participants that he had learned from his professors to always address people by their name and job title, and never in any other way. In public speech, you may not use nicknames, if they are in any way offensive to an individual or social group. He concluded that our speech has become mired in slander, lies, obscenities, insults, street speak, slang, and that such language \u2013 the language of violence, hatred, disrespect \u2013 is the result of a collapsing system of values and a reflection of our polarised society.<\/p>\n<blockquote><p>I really cannot bring myself to use headlines with screaming letters, exclamation marks, click-bait headlines, even if it means losing touch with readers, with the younger generations on the internet. Unfortunately, much of the media opts to work this way, and the advertisers are not interested in the content, only in the clicks, said Marija Obrenovi\u0107, reporter for the portal <em>Pressek<\/em>.<\/p><\/blockquote>\n<p>Katarina Mili\u0107evi\u0107 from CNA pointed out that people who use hate speech are not just \u201cother people\u201d, they are us, we almost all use hate speech on social networks and we must start from ourselves when we want to discuss this.<\/p>\n<blockquote><p>We are the ones who make up society, we individuals, so the question is why is there hatred in us. I would define hatred as when you don\u2019t see the person next to you as an equal, but as non-human and when you treat them accordingly. But this is also when you stop being human. The atmosphere of violence in society is controlled by the state. We live in a violent society and every day, each of us is exposed to some form of violence.<\/p><\/blockquote>\n<p>The Kragujevac-based reporter and host of the talk show <em>Iz glave<\/em> Miroslav Mileti\u0107 said that he has long been thinking about making a show that uses only curse words, because the language we hear in public space, in the media and on social networks, has become so polluted that the next stage is using exclusively curse words.<\/p>\n<p><img loading=\"lazy\" decoding=\"async\" class=\"aligncenter wp-image-223969 size-large\" src=\"https:\/\/nenasilje.org\/wp-content\/uploads\/\/Kragujevac_tribina7-888x666.jpg\" alt=\"\" width=\"888\" height=\"666\" srcset=\"https:\/\/nenasilje.org\/wp-content\/uploads\/Kragujevac_tribina7-888x666.jpg 888w, https:\/\/nenasilje.org\/wp-content\/uploads\/Kragujevac_tribina7-100x75.jpg 100w, https:\/\/nenasilje.org\/wp-content\/uploads\/Kragujevac_tribina7-355x266.jpg 355w, https:\/\/nenasilje.org\/wp-content\/uploads\/Kragujevac_tribina7-768x576.jpg 768w, https:\/\/nenasilje.org\/wp-content\/uploads\/Kragujevac_tribina7-510x382.jpg 510w, https:\/\/nenasilje.org\/wp-content\/uploads\/Kragujevac_tribina7.jpg 960w\" sizes=\"(max-width: 888px) 100vw, 888px\" \/><\/p>\n<p>The audience also participated in the discussion, offering examples of when they were victims of violent language and actions.<\/p>\n<p>At the end, Katarina Mili\u0107evi\u0107 explained that Miroslav Jovanovi\u0107 was exposed to a kind of structural violence \u2013 namely, he was convicted for articles published in the <em>Svetlost<\/em> newspaper in 2004, and in one of the cases, the judge also sued the newspaper, but was then the presiding judge in the panel that convicted Jovanovi\u0107.<\/p>\n<blockquote><p>We believe this is all done to exert pressure on reporters and the media, and we call for solidarity from citizens, because Jovanovi\u0107 is being threatened with eviction and with being deprived of 2\/3 of his already meagre pension.<\/p><\/blockquote>\n<p>The radio show broadcast on Radio Zlatousti with the most interesting parts of the discussion is available <a href=\"http:\/\/radiozlatousti.rs\/?p=13492\">HERE\u00a0<\/a><\/p>\n","protected":false},"excerpt":{"rendered":"<p>On Friday, 8 March, the Centre for Peacebuilding in Kragujevac organised a round table at the Vuk Karad\u017ei\u0107 National Library on \u201cViolent speech in the media and on social networks \u2013 verbal violence or freedom of expression\u201d<\/p>\n","protected":false},"author":2,"featured_media":223995,"comment_status":"closed","ping_status":"closed","sticky":false,"template":"","format":"standard","meta":{"footnotes":""},"categories":[727],"tags":[1827,1932,1908],"class_list":["post-224196","post","type-post","status-publish","format-standard","has-post-thumbnail","hentry","category-organised-by-others","tag-speech-of-hatred","tag-public-forums","tag-talks"],"aioseo_notices":[],"_links":{"self":[{"href":"https:\/\/nenasilje.org\/en\/wp-json\/wp\/v2\/posts\/224196","targetHints":{"allow":["GET"]}}],"collection":[{"href":"https:\/\/nenasilje.org\/en\/wp-json\/wp\/v2\/posts"}],"about":[{"href":"https:\/\/nenasilje.org\/en\/wp-json\/wp\/v2\/types\/post"}],"author":[{"embeddable":true,"href":"https:\/\/nenasilje.org\/en\/wp-json\/wp\/v2\/users\/2"}],"replies":[{"embeddable":true,"href":"https:\/\/nenasilje.org\/en\/wp-json\/wp\/v2\/comments?post=224196"}],"version-history":[{"count":1,"href":"https:\/\/nenasilje.org\/en\/wp-json\/wp\/v2\/posts\/224196\/revisions"}],"predecessor-version":[{"id":226478,"href":"https:\/\/nenasilje.org\/en\/wp-json\/wp\/v2\/posts\/224196\/revisions\/226478"}],"wp:featuredmedia":[{"embeddable":true,"href":"https:\/\/nenasilje.org\/en\/wp-json\/wp\/v2\/media\/223995"}],"wp:attachment":[{"href":"https:\/\/nenasilje.org\/en\/wp-json\/wp\/v2\/media?parent=224196"}],"wp:term":[{"taxonomy":"category","embeddable":true,"href":"https:\/\/nenasilje.org\/en\/wp-json\/wp\/v2\/categories?post=224196"},{"taxonomy":"post_tag","embeddable":true,"href":"https:\/\/nenasilje.org\/en\/wp-json\/wp\/v2\/tags?post=224196"}],"curies":[{"name":"wp","href":"https:\/\/api.w.org\/{rel}","templated":true}]}}